
{"id":42744,"date":"2025-12-05T19:41:14","date_gmt":"2025-12-06T00:41:14","guid":{"rendered":"http:\/\/gadflyonline.com\/home\/?p=42744"},"modified":"2026-04-28T06:32:38","modified_gmt":"2026-04-28T10:32:38","slug":"miklosa-erika-zenei-vilaga-a-varazsfuvolatol-a-pop-dalokig","status":"publish","type":"post","link":"http:\/\/gadflyonline.com\/home\/index.php\/miklosa-erika-zenei-vilaga-a-varazsfuvolatol-a-pop-dalokig\/","title":{"rendered":"Mikl\u00f3sa Erika zenei vil\u00e1ga a Var\u00e1zsfuvol\u00e1t\u00f3l a pop dalokig"},"content":{"rendered":"<p>A legfrissebb albumok t\u00fckr\u00f6zik az \u00e9nekesi \u00fat alakul\u00e1s\u00e1t, amelyben a tradicion\u00e1lis dallamok tal\u00e1lkoznak a modern hangz\u00e1sform\u00e1kkal. Az elt\u00e9r\u0151 m\u0171fajok kevered\u00e9se izgalmas \u00e9lm\u00e9nyeket k\u00edn\u00e1l a hallgat\u00f3knak, amelyben mindannyian felfedezhetik saj\u00e1t \u00edzl\u00e9s\u00fck szerint az \u00faj zenei ir\u00e1nyzatokat.<\/p>\n<p>A m\u0171v\u00e9szeti szabads\u00e1g lehet\u0151s\u00e9get biztos\u00edt a kifejez\u00e9sre, lehet\u0151v\u00e9 t\u00e9ve, hogy a zeneszerz\u0151k \u00e9s el\u0151ad\u00f3k a gy\u00f6kereikt\u0151l kezdve eljussanak a leg\u00fajabb trendekig. Ez a dinamizmus nem csup\u00e1n a dalok tartalm\u00e1ban, hanem a zenei el\u0151ad\u00e1sm\u00f3dokban is megnyilv\u00e1nul, hozz\u00e1j\u00e1rulva ezzel a kult\u00far\u00e1k k\u00f6z\u00f6tti p\u00e1rbesz\u00e9dhez.<\/p>\n<p>Az \u00fajabb albumok bemutatj\u00e1k, hogyan form\u00e1l\u00f3dik a zenei k\u00f6rnyezet a k\u00fcl\u00f6nb\u00f6z\u0151 st\u00edlusok \u00e9s hat\u00e1sok ment\u00e9n. Az \u00e9nekesi \u00fat sor\u00e1n a m\u0171v\u00e9szek nagy b\u00fcszkes\u00e9ggel alak\u00edtj\u00e1k\/zsz\u00fcks\u00e9ges kreat\u00edv szabads\u00e1got, amely seg\u00edt kifejezni az \u00e9rzelmeiket \u00e9s t\u00f6rt\u00e9neteiket.<\/p>\n<h2>A Var\u00e1zsfuvola el\u0151ad\u00e1s\u00e1nak elemz\u00e9se<\/h2>\n<p>Az el\u0151ad\u00e1s hangterjedelme rendk\u00edv\u00fcl sz\u00e9les, lehet\u0151v\u00e9 t\u00e9ve a szerepl\u0151k sz\u00e1m\u00e1ra, hogy k\u00fcl\u00f6nb\u00f6z\u0151 m\u0171fajok k\u00f6z\u00f6tt mozogjanak. A dalok k\u00f6z\u00f6tt megtal\u00e1lhat\u00f3k a l\u00edrai \u00e9s dr\u00e1mai elemek, amelyek feler\u0151s\u00edtik a cselekm\u00e9ny fesz\u00fclts\u00e9g\u00e9t \u00e9s \u00e9rzelmi m\u00e9lys\u00e9g\u00e9t.<\/p>\n<p>A m\u0171vek soksz\u00edn\u0171s\u00e9ge t\u00fckr\u00f6z\u0151dik az albumok v\u00e1logat\u00e1s\u00e1ban is, amelyek a k\u00fcl\u00f6nb\u00f6z\u0151 interpret\u00e1ci\u00f3kat \u00e9s st\u00edlusokat fel\u00f6lelik. Ezt a sokf\u00e9les\u00e9get a zen\u00e9szek m\u0171v\u00e9szi szabads\u00e1ga gazdag\u00edtja, hiszen minden el\u0151ad\u00f3 a saj\u00e1t l\u00e1t\u00e1sm\u00f3dj\u00e1t t\u00fckr\u00f6zi a zen\u00e9ben.<\/p>\n<p>Az \u00e9rzelmek kifejez\u00e9se \u00e9s a hangs\u00falyok v\u00e1ltakoz\u00e1sa a zeneszerz\u0151 zseni\u00e1lis megold\u00e1sa eredm\u00e9nyezte ezeket a k\u00fcl\u00f6nleges pillanatokat. Az el\u0151ad\u00f3k virtuozit\u00e1sa \u00e9s hangtechnikai teljes\u00edtm\u00e9nye l\u00e9nyeges szerepet j\u00e1tszik a sikerben.<\/p>\n<p>A darab zenei strukt\u00far\u00e1ja eml\u00e9kezetes, hiszen az egyes r\u00e9szletek sz\u00e9pen kapcsol\u00f3dnak egym\u00e1shoz, l\u00e9trehozva egy koherens egys\u00e9get. A p\u00e1rbesz\u00e9dek \u00e9s \u00e1ri\u00e1k dinamikus egy\u00fcttm\u0171k\u00f6d\u00e9se sz\u00ednes\u00edti a n\u00e9z\u0151i tapasztalatot.<\/p>\n<p>A Var\u00e1zsfuvola el\u0151ad\u00e1sa nemcsak zenei \u00e9lm\u00e9nyt ny\u00fajt, hanem m\u00e9lyebb gondolatokat is sugall, amelyek reflekt\u00e1lnak a t\u00e1rsadalmi \u00e9s kultur\u00e1lis probl\u00e9m\u00e1kra. Ez a kombin\u00e1ci\u00f3 teszi a m\u0171vet id\u0151t\u00e1ll\u00f3 klasszikuss\u00e1, amely tov\u00e1bbra is vonzza a k\u00f6z\u00f6ns\u00e9get.<\/p>\n<h2>Mikl\u00f3sa popzenei hat\u00e1sai<\/h2>\n<p>A <strong>hangterjedelem<\/strong> soksz\u00edn\u0171s\u00e9ge mark\u00e1nsan megjelenik az \u00e9nekesi <strong>\u00fat<\/strong>-ja sor\u00e1n. Az egyes <strong>m\u0171fajok<\/strong> k\u00f6z\u00f6tti v\u00e1ltakoz\u00e1s lehet\u0151s\u00e9get teremtett arra, hogy k\u00fcl\u00f6nb\u00f6z\u0151 st\u00edlusokb\u00f3l mer\u00edtkezzen, \u00edgy \u00e9lvezetes \u00e9s v\u00e1ltozatos albumok j\u00f6ttek l\u00e9tre.<\/p>\n<p>Az \u00e9nekesn\u0151 els\u0151 albuma jelent\u0151s hat\u00e1st gyakorolt a fiatalokra, amelyben a pop ritmusokat remek\u00fcl \u00f6tv\u00f6zte a hagyom\u00e1nyos dallamokkal. Ez a megk\u00f6zel\u00edt\u00e9s k\u00f6nnyed\u00e9n el\u00e9rte a k\u00f6z\u00f6ns\u00e9get, hiszen a sz\u00f6vegek m\u00e9lys\u00e9ge \u00e9s a zenei h\u00e1tt\u00e9r harmonikusan egyes\u00fclt.<\/p>\n<p>A k\u00f6vetkez\u0151 munk\u00e1k sor\u00e1n a k\u00eds\u00e9rletez\u00e9s fel\u00e9 vette az ir\u00e1nyt, felfedezve \u00faj <strong>m\u0171fajok<\/strong>-at \u00e9s hangz\u00e1svil\u00e1gokat. Ez a nyitotts\u00e1g nemcsak a saj\u00e1t st\u00edlus\u00e1ra volt hat\u00e1ssal, hanem sz\u00e1mos fiatal m\u0171v\u00e9sz inspir\u00e1ci\u00f3s forr\u00e1s\u00e1v\u00e1 v\u00e1lt.<\/p>\n<p>Az \u00e9nekesi <strong>\u00fat<\/strong>-ja t\u00f6bb mint csup\u00e1n zenei karrier; a stylistikai k\u00fcl\u00f6nbs\u00e9gek \u00e9s a k\u00fcl\u00f6nb\u00f6z\u0151 <strong>m\u0171fajok<\/strong> egy olyan puzzle, amely bemutatja a soksz\u00edn\u0171s\u00e9get \u00e9s a kreat\u00edv gondolkod\u00e1st a pop vil\u00e1g\u00e1ban.<\/p>\n<h2>Technikai aspektusok a dalok el\u0151ad\u00e1s\u00e1ban<\/h2>\n<p>A hangterjedelem megfelel\u0151 kihaszn\u00e1l\u00e1sa elengedhetetlen a kiv\u00e1l\u00f3 teljes\u00edtm\u00e9nyhez. \u00c9nekesi \u00fat ment\u00e9n fontos, hogy az el\u0151ad\u00f3k tudatosan v\u00e1lassz\u00e1k ki a megfelel\u0151 dallamokat \u00e9s st\u00edlusokat, amelyek el\u0151seg\u00edtik a m\u0171v\u00e9szi szabads\u00e1got. A b\u00e1tor \u00f6nkifejez\u00e9s l\u00e9trej\u00f6tte nem csak a publikumnak sz\u00f3l, hanem a m\u0171v\u00e9sz fejl\u0151d\u00e9s\u00e9t is \u00f6szt\u00f6nzi.<\/p>\n<p>Az albumok sokf\u00e9les\u00e9ge hozz\u00e1j\u00e1rul a hangz\u00e1s gazdag\u00edt\u00e1s\u00e1hoz. K\u00fcl\u00f6nb\u00f6z\u0151 m\u0171fajok \u00e9s technik\u00e1k alkalmaz\u00e1sa lehet\u0151s\u00e9get ad arra, hogy a m\u0171v\u00e9szek k\u00fcl\u00f6nb\u00f6z\u0151 \u00e9rzelmeket \u00e9s atmoszf\u00e9reket k\u00f6zvet\u00edtsenek az el\u0151ad\u00e1saik sor\u00e1n, \u00edgy sz\u00e9les\u00edtve a hallgat\u00f3s\u00e1g \u00e9lm\u00e9ny\u00e9t.<\/p>\n<p>A technika \u00e9s az \u00e9rzelmi kifejez\u00e9s harmonikus egyes\u00edt\u00e9se a siker kulcsa. Az interpret\u00e1ci\u00f3 sor\u00e1n a dallamad\u00e1s nem csup\u00e1n \u00edrott kott\u00e1ra t\u00e1maszkodik, hanem a szem\u00e9lyes \u00e9rintetts\u00e9g is meghat\u00e1roz\u00f3 szerepet j\u00e1tszik. Az improviz\u00e1ci\u00f3 lehet\u0151s\u00e9ge biztos\u00edtja a sz\u00ednpadi dinamizmust.<\/p>\n<p>A m\u0171v\u00e9szi szabads\u00e1g megteremt\u00e9s\u00e9hez elengedhetetlen a bizalom \u00e9s a technikai tud\u00e1s. A hangk\u00e9pz\u00e9s \u00e9s az akusztikai be\u00e1ll\u00edt\u00e1sok, mint p\u00e9ld\u00e1ul a mikrofonhaszn\u00e1lat, jelent\u0151sen befoly\u00e1solj\u00e1k az el\u0151ad\u00e1s min\u0151s\u00e9g\u00e9t \u00e9s az \u00e9lm\u00e9nyt, amelyet a k\u00f6z\u00f6ns\u00e9g kap.<\/p>\n<table>\n<tbody>\n<tr>\n<th>Aspektus<\/th>\n<th>Le\u00edr\u00e1s<\/th>\n<\/tr>\n<tr>\n<td>Hangterjedelem<\/td>\n<td>A hangok sz\u00e9les spektrum\u00e1nak haszn\u00e1lata az \u00e9rzelmek kifejez\u00e9s\u00e9re.<\/td>\n<\/tr>\n<tr>\n<td>\u00c9nekesi \u00fat<\/td>\n<td>Az el\u0151ad\u00f3k szem\u00e9lyes st\u00edlusa \u00e9s n\u00f6veked\u00e9se a tapasztalatok \u00e1ltal.<\/td>\n<\/tr>\n<tr>\n<td>M\u0171v\u00e9szi szabads\u00e1g<\/td>\n<td>A teljes\u00edtm\u00e9ny sor\u00e1n megjelen\u0151 \u00f6nkifejez\u00e9s \u00e9s kreativit\u00e1s.<\/td>\n<\/tr>\n<\/tbody>\n<\/table>\n<p>A zen\u00e9szek folyamatosan \u00faj kih\u00edv\u00e1sok el\u00e9 \u00e1ll\u00edtj\u00e1k magukat, \u00edgy az el\u0151ad\u00e1s m\u0171v\u00e9szete mindig friss \u00e9s izgalmas marad. Az \u00faj albumok megjelen\u00e9se lehet\u0151s\u00e9get ad arra, hogy a k\u00f6z\u00f6ns\u00e9g \u00fajra felfedezze a megszokott dallamokat, mik\u00f6zben a m\u0171v\u00e9szek \u00fajra\u00e9rtelmezik azokat. Ez a folyamat nem csup\u00e1n a pontos technikai kivitelez\u00e9sr\u0151l sz\u00f3l, hanem a val\u00f3di \u00e9rzelem k\u00f6zvet\u00edt\u00e9s\u00e9r\u0151l is.<\/p>\n<h2>Kapcsol\u00f3d\u00f3 zenei projektek \u00e9s egy\u00fcttm\u0171k\u00f6d\u00e9sek<\/h2>\n<p>A hangterjedelem gazdag\u00edt\u00e1sa \u00e9rdek\u00e9ben \u00e9rdemes k\u00fcl\u00f6nb\u00f6z\u0151 albumok \u00e9s m\u0171fajok k\u00f6z\u00f6tti \u00e1tj\u00e1rhat\u00f3s\u00e1got kialak\u00edtani. Az egyes egy\u00fcttm\u0171k\u00f6d\u00e9sek sor\u00e1n az \u00e9nekesi \u00fat k\u00fcl\u00f6n\u00f6sen \u00e9rdekes, hiszen a k\u00fcl\u00f6nf\u00e9le st\u00edlusok \u00f6tv\u00f6z\u00e9se \u00faj lehet\u0151s\u00e9geket teremthet a zenei \u00e9lm\u00e9nyek sz\u00e1m\u00e1ra.<\/p>\n<ul>\n<li>\u00daj albumok megjelen\u00e9se a hazai piacon<\/li>\n<li>Kreat\u00edv egy\u00fcttm\u0171k\u00f6d\u00e9sek k\u00fcl\u00f6nb\u00f6z\u0151 m\u0171fajokban<\/li>\n<li>K\u00e9pess\u00e9gek fejl\u0151d\u00e9se a k\u00fcl\u00f6nb\u00f6z\u0151 zenei projektek \u00e1ltal<\/li>\n<\/ul>\n<p>Az &gt; <a href=\"https:\/\/humiklosaerika.com\/\">humiklosaerika.com<\/a> <strong>weboldalon<\/strong> sz\u00e1mos izgalmas zenei projektet tal\u00e1lhatunk, amelyek bemutatj\u00e1k a soksz\u00edn\u0171 zenem\u0171v\u00e9szet fejl\u0151d\u00e9s\u00e9t.<\/p>\n<h2>R\u00f6vid le\u00edr\u00e1s <\/h2>\n<h4>Milyen zenei st\u00edlusokat k\u00e9pvisel Mikl\u00f3sa Erika a Var\u00e1zsfuvol\u00e1t\u00f3l pop dalokig?<\/h4>\n<p>Mikl\u00f3sa Erika zenei vil\u00e1ga sz\u00e9les spektrumot \u00f6lel fel, kezdve a klasszikus opera m\u0171faj\u00e1val, mint a &#8220;Var\u00e1zsfuvola&#8221;, eg\u00e9szen a modern pop dalokig. M\u0171v\u00e9szete lehet\u0151v\u00e9 teszi sz\u00e1m\u00e1ra, hogy k\u00fcl\u00f6nb\u00f6z\u0151 zenei elemeket \u00f6tv\u00f6zz\u00f6n, ak\u00e1r n\u00e9pszer\u0171 sl\u00e1gerekkel, ak\u00e1r hagyom\u00e1nyosabb form\u00e1kkal.<\/p>\n<h4>Milyen hat\u00e1ssal van Mikl\u00f3sa Erika zenei karrierj\u00e9re a popzene?<\/h4>\n<p>A popzene hat\u00e1ssal van Mikl\u00f3sa Erika karrierj\u00e9re abban az \u00e9rtelemben, hogy sz\u00e9lesebb k\u00f6z\u00f6ns\u00e9ghez juttatja el a klasszikus zenei elemeket, \u00edgy a fiatalabb gener\u00e1ci\u00f3k figyelm\u00e9t is felh\u00edvja a klasszikus zen\u00e9re \u00e9s oper\u00e1kra. A f\u00fazi\u00f3 \u00e1ltal sikeresen bej\u00e1rta a popul\u00e1ris zenei szc\u00e9n\u00e1t, mik\u00f6zben meg\u0151rzi a klasszikus zene m\u00e9lys\u00e9g\u00e9t \u00e9s sz\u00e9ps\u00e9g\u00e9t.<\/p>\n<h4>Mik Mikl\u00f3sa Erika legfontosabb zenei projektjei az ut\u00f3bbi \u00e9vekben?<\/h4>\n<p>Az ut\u00f3bbi \u00e9vekben Mikl\u00f3sa Erika t\u00f6bb olyan zenei projektet ind\u00edtott, amelyek a klasszikus \u00e9s pop m\u0171fajok tal\u00e1lkoz\u00e1s\u00e1t c\u00e9lozt\u00e1k meg. Koncertek, lemezfelv\u00e9telek, valamint k\u00fcl\u00f6nb\u00f6z\u0151 zenei fesztiv\u00e1lok nemcsak klasszikus opera\u00e9lm\u00e9nnyel szolg\u00e1lnak, hanem a popul\u00e1ris zene ir\u00e1nti vonzalmat is er\u0151s\u00edtik.<\/p>\n<h4>Hogyan befoly\u00e1solja Mikl\u00f3sa Erika zenei st\u00edlus\u00e1nak v\u00e1laszt\u00e1sa a k\u00f6z\u00f6ns\u00e9g\u00e9t?<\/h4>\n<p>Mikl\u00f3sa Erika zenei st\u00edlus\u00e1nak v\u00e1laszt\u00e1sa kedvez\u0151en hat a k\u00f6z\u00f6ns\u00e9g\u00e9re, mivel a klasszikus \u00e9s modern elemek vegy\u00edt\u00e9se \u00e9rdekes \u00e9s friss \u00e9lm\u00e9nyt ny\u00fajt. Ez lehet\u0151v\u00e9 teszi, hogy k\u00fcl\u00f6nb\u00f6z\u0151 zenei \u00edzl\u00e9s\u0171 emberek tal\u00e1lkozzanak a zen\u00e9j\u00e9vel, ez\u00e1ltal n\u00f6velve a k\u00f6z\u00f6ns\u00e9g r\u00e9teg\u00e9t, \u00e9s sz\u00e9lesebb mer\u00edt\u00e9st biztos\u00edtva a zene ir\u00e1nt \u00e9rdekl\u0151d\u0151knek.<\/p>\n","protected":false},"excerpt":{"rendered":"<p>A legfrissebb albumok t\u00fckr\u00f6zik az \u00e9nekesi \u00fat alakul\u00e1s\u00e1t, amelyben a tradicion\u00e1lis dallamok tal\u00e1lkoznak a modern hangz\u00e1sform\u00e1kkal. Az elt\u00e9r\u0151 m\u0171fajok kevered\u00e9se izgalmas \u00e9lm\u00e9nyeket k\u00edn\u00e1l a hallgat\u00f3knak, amelyben mindannyian felfedezhetik saj\u00e1t \u00edzl\u00e9s\u00fck szerint az \u00faj zenei ir\u00e1nyzatokat. A m\u0171v\u00e9szeti szabads\u00e1g lehet\u0151s\u00e9get biztos\u00edt a kifejez\u00e9sre, lehet\u0151v\u00e9 t\u00e9ve, hogy a zeneszerz\u0151k \u00e9s el\u0151ad\u00f3k a gy\u00f6kereikt\u0151l kezdve eljussanak a leg\u00fajabb [&hellip;]<\/p>\n","protected":false},"author":224,"featured_media":0,"comment_status":"closed","ping_status":"open","sticky":false,"template":"","format":"standard","meta":{"footnotes":""},"categories":[21],"tags":[],"_links":{"self":[{"href":"http:\/\/gadflyonline.com\/home\/index.php\/wp-json\/wp\/v2\/posts\/42744"}],"collection":[{"href":"http:\/\/gadflyonline.com\/home\/index.php\/wp-json\/wp\/v2\/posts"}],"about":[{"href":"http:\/\/gadflyonline.com\/home\/index.php\/wp-json\/wp\/v2\/types\/post"}],"author":[{"embeddable":true,"href":"http:\/\/gadflyonline.com\/home\/index.php\/wp-json\/wp\/v2\/users\/224"}],"replies":[{"embeddable":true,"href":"http:\/\/gadflyonline.com\/home\/index.php\/wp-json\/wp\/v2\/comments?post=42744"}],"version-history":[{"count":1,"href":"http:\/\/gadflyonline.com\/home\/index.php\/wp-json\/wp\/v2\/posts\/42744\/revisions"}],"predecessor-version":[{"id":42745,"href":"http:\/\/gadflyonline.com\/home\/index.php\/wp-json\/wp\/v2\/posts\/42744\/revisions\/42745"}],"wp:attachment":[{"href":"http:\/\/gadflyonline.com\/home\/index.php\/wp-json\/wp\/v2\/media?parent=42744"}],"wp:term":[{"taxonomy":"category","embeddable":true,"href":"http:\/\/gadflyonline.com\/home\/index.php\/wp-json\/wp\/v2\/categories?post=42744"},{"taxonomy":"post_tag","embeddable":true,"href":"http:\/\/gadflyonline.com\/home\/index.php\/wp-json\/wp\/v2\/tags?post=42744"}],"curies":[{"name":"wp","href":"https:\/\/api.w.org\/{rel}","templated":true}]}}